{"id":18171,"date":"2017-11-08T17:28:41","date_gmt":"2017-11-08T15:28:41","guid":{"rendered":"http:\/\/kilittasi.com\/en\/kilit-tasi-tasarim-2017-turkiye-tasarim-haftasinda\/"},"modified":"2018-05-09T16:01:10","modified_gmt":"2018-05-09T14:01:10","slug":"kilit-tasi-design-2017-design-week-turkey","status":"publish","type":"post","link":"https:\/\/kilittasi.com\/en\/kilit-tasi-design-2017-design-week-turkey\/","title":{"rendered":"KILIT TASI DESIGN AT DESIGN WEEK TURKEY 2017"},"content":{"rendered":"\n\t\t<style type=\"text\/css\">\n\t\t\t#gallery-1 {\n\t\t\t\tmargin: auto;\n\t\t\t}\n\t\t\t#gallery-1 .gallery-item {\n\t\t\t\tfloat: left;\n\t\t\t\tmargin-top: 10px;\n\t\t\t\ttext-align: center;\n\t\t\t\twidth: 33%;\n\t\t\t}\n\t\t\t#gallery-1 img {\n\t\t\t\tborder: 2px solid #cfcfcf;\n\t\t\t}\n\t\t\t#gallery-1 .gallery-caption {\n\t\t\t\tmargin-left: 0;\n\t\t\t}\n\t\t\t\/* see gallery_shortcode() in wp-includes\/media.php *\/\n\t\t<\/style>\n\t\t<div id='gallery-1' class='gallery galleryid-18171 gallery-columns-3 gallery-size-thumbnail'><dl class='gallery-item'>\n\t\t\t<dt class='gallery-icon landscape'>\n\t\t\t\t<a href='https:\/\/kilittasi.com\/kilit-tasi-tasarim-2017-turkiye-tasarim-haftasi\/blog-dwt-kilit-tasi-katilimi1\/'><img loading=\"lazy\" decoding=\"async\" width=\"150\" height=\"150\" src=\"https:\/\/kilittasi.com\/wp-content\/uploads\/blog-dwt-kilit-tasi-katilimi1-150x150.jpg\" class=\"attachment-thumbnail size-thumbnail\" alt=\"\" srcset=\"https:\/\/kilittasi.com\/wp-content\/uploads\/blog-dwt-kilit-tasi-katilimi1-150x150.jpg 150w, https:\/\/kilittasi.com\/wp-content\/uploads\/blog-dwt-kilit-tasi-katilimi1-570x570.jpg 570w, https:\/\/kilittasi.com\/wp-content\/uploads\/blog-dwt-kilit-tasi-katilimi1-500x500.jpg 500w, https:\/\/kilittasi.com\/wp-content\/uploads\/blog-dwt-kilit-tasi-katilimi1-1000x1000.jpg 1000w\" sizes=\"auto, (max-width: 150px) 100vw, 150px\" \/><\/a>\n\t\t\t<\/dt><\/dl><dl class='gallery-item'>\n\t\t\t<dt class='gallery-icon landscape'>\n\t\t\t\t<a href='https:\/\/kilittasi.com\/kilit-tasi-tasarim-2017-turkiye-tasarim-haftasi\/blog-dwt-kilit-tasi-katilimi2\/'><img loading=\"lazy\" decoding=\"async\" width=\"150\" height=\"150\" src=\"https:\/\/kilittasi.com\/wp-content\/uploads\/blog-dwt-kilit-tasi-katilimi2-150x150.jpg\" class=\"attachment-thumbnail size-thumbnail\" alt=\"\" srcset=\"https:\/\/kilittasi.com\/wp-content\/uploads\/blog-dwt-kilit-tasi-katilimi2-150x150.jpg 150w, https:\/\/kilittasi.com\/wp-content\/uploads\/blog-dwt-kilit-tasi-katilimi2-570x570.jpg 570w, https:\/\/kilittasi.com\/wp-content\/uploads\/blog-dwt-kilit-tasi-katilimi2-500x500.jpg 500w, https:\/\/kilittasi.com\/wp-content\/uploads\/blog-dwt-kilit-tasi-katilimi2-1000x1000.jpg 1000w\" sizes=\"auto, (max-width: 150px) 100vw, 150px\" \/><\/a>\n\t\t\t<\/dt><\/dl>\n\t\t\t<br style='clear: both' \/>\n\t\t<\/div>\n\n<p>In the second Design Week Turkey in 8-12 November 2017, we have exhibited our new designs, some of our proven commercially successful designs and copied designs. Smooth and Solid magazine file holders and Enjoy desk organizer set were exhibited in the trend area.<\/p>\n","protected":false},"excerpt":{"rendered":"<p>In the second Design Week Turkey in 8-12 November 2017, we have exhibited our new designs, some of our proven commercially successful designs and copied designs. Smooth and Solid magazine file holders and Enjoy desk organizer set were exhibited in the trend area.<\/p>\n","protected":false},"author":2,"featured_media":18166,"comment_status":"closed","ping_status":"open","sticky":false,"template":"","format":"gallery-en","meta":{"footnotes":""},"categories":[169,171],"tags":[],"class_list":["post-18171","post","type-post","status-publish","format-gallery-en","has-post-thumbnail","hentry","category-business-en","category-design","post_format-post-format-gallery-en"],"yoast_head":"<!-- This site is optimized with the Yoast SEO plugin v24.9 - https:\/\/yoast.com\/wordpress\/plugins\/seo\/ -->\n<title>Design Week Turkey 2017 DWT | Kilit Tasi Design<\/title>\n<meta name=\"description\" content=\"design week, Kunter \u015eekercio\u011flu, industrial design, product design, design strategy, design consultancy, process management, design office, T\u0130M, Republic of Turkey Ministry of Economy, innovation\" \/>\n<meta name=\"robots\" content=\"index, follow, max-snippet:-1, max-image-preview:large, max-video-preview:-1\" \/>\n<link rel=\"canonical\" href=\"https:\/\/kilittasi.com\/en\/kilit-tasi-design-2017-design-week-turkey\/\" \/>\n<meta property=\"og:locale\" content=\"en_US\" \/>\n<meta property=\"og:type\" content=\"article\" \/>\n<meta property=\"og:title\" content=\"Design Week Turkey 2017 DWT | Kilit Tasi Design\" \/>\n<meta property=\"og:description\" content=\"design week, Kunter \u015eekercio\u011flu, industrial design, product design, design strategy, design consultancy, process management, design office, T\u0130M, Republic of Turkey Ministry of Economy, innovation\" \/>\n<meta property=\"og:url\" content=\"https:\/\/kilittasi.com\/en\/kilit-tasi-design-2017-design-week-turkey\/\" \/>\n<meta property=\"og:site_name\" content=\"Kilitta\u015f\u0131 Tasar\u0131m ve Mimarl\u0131k\" \/>\n<meta property=\"article:published_time\" content=\"2017-11-08T15:28:41+00:00\" \/>\n<meta property=\"article:modified_time\" content=\"2018-05-09T14:01:10+00:00\" \/>\n<meta property=\"og:image\" content=\"https:\/\/kilittasi.com\/wp-content\/uploads\/blog-dwt-kilit-tasi-katilimi1.jpg\" \/>\n\t<meta property=\"og:image:width\" content=\"1754\" \/>\n\t<meta property=\"og:image:height\" content=\"1240\" \/>\n\t<meta property=\"og:image:type\" content=\"image\/jpeg\" \/>\n<meta name=\"author\" content=\"Kunter \u015eekercio\u011flu\" \/>\n<meta name=\"twitter:card\" content=\"summary_large_image\" \/>\n<meta name=\"twitter:label1\" content=\"Written by\" \/>\n\t<meta name=\"twitter:data1\" content=\"Kunter \u015eekercio\u011flu\" \/>\n<script type=\"application\/ld+json\" class=\"yoast-schema-graph\">{\"@context\":\"https:\/\/schema.org\",\"@graph\":[{\"@type\":\"WebPage\",\"@id\":\"https:\/\/kilittasi.com\/en\/kilit-tasi-design-2017-design-week-turkey\/\",\"url\":\"https:\/\/kilittasi.com\/en\/kilit-tasi-design-2017-design-week-turkey\/\",\"name\":\"Design Week Turkey 2017 DWT | Kilit Tasi Design\",\"isPartOf\":{\"@id\":\"https:\/\/kilittasi.com\/#website\"},\"primaryImageOfPage\":{\"@id\":\"https:\/\/kilittasi.com\/en\/kilit-tasi-design-2017-design-week-turkey\/#primaryimage\"},\"image\":{\"@id\":\"https:\/\/kilittasi.com\/en\/kilit-tasi-design-2017-design-week-turkey\/#primaryimage\"},\"thumbnailUrl\":\"https:\/\/kilittasi.com\/wp-content\/uploads\/blog-dwt-kilit-tasi-katilimi1.jpg\",\"datePublished\":\"2017-11-08T15:28:41+00:00\",\"dateModified\":\"2018-05-09T14:01:10+00:00\",\"author\":{\"@id\":\"https:\/\/kilittasi.com\/#\/schema\/person\/05a2a4c21352317703488c8a2b256997\"},\"description\":\"design week, Kunter \u015eekercio\u011flu, industrial design, product design, design strategy, design consultancy, process management, design office, T\u0130M, Republic of Turkey Ministry of Economy, innovation\",\"breadcrumb\":{\"@id\":\"https:\/\/kilittasi.com\/en\/kilit-tasi-design-2017-design-week-turkey\/#breadcrumb\"},\"inLanguage\":\"en-US\",\"potentialAction\":[{\"@type\":\"ReadAction\",\"target\":[\"https:\/\/kilittasi.com\/en\/kilit-tasi-design-2017-design-week-turkey\/\"]}]},{\"@type\":\"ImageObject\",\"inLanguage\":\"en-US\",\"@id\":\"https:\/\/kilittasi.com\/en\/kilit-tasi-design-2017-design-week-turkey\/#primaryimage\",\"url\":\"https:\/\/kilittasi.com\/wp-content\/uploads\/blog-dwt-kilit-tasi-katilimi1.jpg\",\"contentUrl\":\"https:\/\/kilittasi.com\/wp-content\/uploads\/blog-dwt-kilit-tasi-katilimi1.jpg\",\"width\":1754,\"height\":1240},{\"@type\":\"BreadcrumbList\",\"@id\":\"https:\/\/kilittasi.com\/en\/kilit-tasi-design-2017-design-week-turkey\/#breadcrumb\",\"itemListElement\":[{\"@type\":\"ListItem\",\"position\":1,\"name\":\"Ana sayfa\",\"item\":\"https:\/\/kilittasi.com\/en\/\"},{\"@type\":\"ListItem\",\"position\":2,\"name\":\"KILIT TASI DESIGN AT DESIGN WEEK TURKEY 2017\"}]},{\"@type\":\"WebSite\",\"@id\":\"https:\/\/kilittasi.com\/#website\",\"url\":\"https:\/\/kilittasi.com\/\",\"name\":\"Kilitta\u015f\u0131 Tasar\u0131m ve Mimarl\u0131k\",\"description\":\"Just another WordPress site\",\"potentialAction\":[{\"@type\":\"SearchAction\",\"target\":{\"@type\":\"EntryPoint\",\"urlTemplate\":\"https:\/\/kilittasi.com\/?s={search_term_string}\"},\"query-input\":{\"@type\":\"PropertyValueSpecification\",\"valueRequired\":true,\"valueName\":\"search_term_string\"}}],\"inLanguage\":\"en-US\"},{\"@type\":\"Person\",\"@id\":\"https:\/\/kilittasi.com\/#\/schema\/person\/05a2a4c21352317703488c8a2b256997\",\"name\":\"Kunter \u015eekercio\u011flu\",\"url\":\"https:\/\/kilittasi.com\/en\/author\/kunter-sekercioglu\/\"}]}<\/script>\n<!-- \/ Yoast SEO plugin. -->","yoast_head_json":{"title":"Design Week Turkey 2017 DWT | Kilit Tasi Design","description":"design week, Kunter \u015eekercio\u011flu, industrial design, product design, design strategy, design consultancy, process management, design office, T\u0130M, Republic of Turkey Ministry of Economy, innovation","robots":{"index":"index","follow":"follow","max-snippet":"max-snippet:-1","max-image-preview":"max-image-preview:large","max-video-preview":"max-video-preview:-1"},"canonical":"https:\/\/kilittasi.com\/en\/kilit-tasi-design-2017-design-week-turkey\/","og_locale":"en_US","og_type":"article","og_title":"Design Week Turkey 2017 DWT | Kilit Tasi Design","og_description":"design week, Kunter \u015eekercio\u011flu, industrial design, product design, design strategy, design consultancy, process management, design office, T\u0130M, Republic of Turkey Ministry of Economy, innovation","og_url":"https:\/\/kilittasi.com\/en\/kilit-tasi-design-2017-design-week-turkey\/","og_site_name":"Kilitta\u015f\u0131 Tasar\u0131m ve Mimarl\u0131k","article_published_time":"2017-11-08T15:28:41+00:00","article_modified_time":"2018-05-09T14:01:10+00:00","og_image":[{"width":1754,"height":1240,"url":"https:\/\/kilittasi.com\/wp-content\/uploads\/blog-dwt-kilit-tasi-katilimi1.jpg","type":"image\/jpeg"}],"author":"Kunter \u015eekercio\u011flu","twitter_card":"summary_large_image","twitter_misc":{"Written by":"Kunter \u015eekercio\u011flu"},"schema":{"@context":"https:\/\/schema.org","@graph":[{"@type":"WebPage","@id":"https:\/\/kilittasi.com\/en\/kilit-tasi-design-2017-design-week-turkey\/","url":"https:\/\/kilittasi.com\/en\/kilit-tasi-design-2017-design-week-turkey\/","name":"Design Week Turkey 2017 DWT | Kilit Tasi Design","isPartOf":{"@id":"https:\/\/kilittasi.com\/#website"},"primaryImageOfPage":{"@id":"https:\/\/kilittasi.com\/en\/kilit-tasi-design-2017-design-week-turkey\/#primaryimage"},"image":{"@id":"https:\/\/kilittasi.com\/en\/kilit-tasi-design-2017-design-week-turkey\/#primaryimage"},"thumbnailUrl":"https:\/\/kilittasi.com\/wp-content\/uploads\/blog-dwt-kilit-tasi-katilimi1.jpg","datePublished":"2017-11-08T15:28:41+00:00","dateModified":"2018-05-09T14:01:10+00:00","author":{"@id":"https:\/\/kilittasi.com\/#\/schema\/person\/05a2a4c21352317703488c8a2b256997"},"description":"design week, Kunter \u015eekercio\u011flu, industrial design, product design, design strategy, design consultancy, process management, design office, T\u0130M, Republic of Turkey Ministry of Economy, innovation","breadcrumb":{"@id":"https:\/\/kilittasi.com\/en\/kilit-tasi-design-2017-design-week-turkey\/#breadcrumb"},"inLanguage":"en-US","potentialAction":[{"@type":"ReadAction","target":["https:\/\/kilittasi.com\/en\/kilit-tasi-design-2017-design-week-turkey\/"]}]},{"@type":"ImageObject","inLanguage":"en-US","@id":"https:\/\/kilittasi.com\/en\/kilit-tasi-design-2017-design-week-turkey\/#primaryimage","url":"https:\/\/kilittasi.com\/wp-content\/uploads\/blog-dwt-kilit-tasi-katilimi1.jpg","contentUrl":"https:\/\/kilittasi.com\/wp-content\/uploads\/blog-dwt-kilit-tasi-katilimi1.jpg","width":1754,"height":1240},{"@type":"BreadcrumbList","@id":"https:\/\/kilittasi.com\/en\/kilit-tasi-design-2017-design-week-turkey\/#breadcrumb","itemListElement":[{"@type":"ListItem","position":1,"name":"Ana sayfa","item":"https:\/\/kilittasi.com\/en\/"},{"@type":"ListItem","position":2,"name":"KILIT TASI DESIGN AT DESIGN WEEK TURKEY 2017"}]},{"@type":"WebSite","@id":"https:\/\/kilittasi.com\/#website","url":"https:\/\/kilittasi.com\/","name":"Kilitta\u015f\u0131 Tasar\u0131m ve Mimarl\u0131k","description":"Just another WordPress site","potentialAction":[{"@type":"SearchAction","target":{"@type":"EntryPoint","urlTemplate":"https:\/\/kilittasi.com\/?s={search_term_string}"},"query-input":{"@type":"PropertyValueSpecification","valueRequired":true,"valueName":"search_term_string"}}],"inLanguage":"en-US"},{"@type":"Person","@id":"https:\/\/kilittasi.com\/#\/schema\/person\/05a2a4c21352317703488c8a2b256997","name":"Kunter \u015eekercio\u011flu","url":"https:\/\/kilittasi.com\/en\/author\/kunter-sekercioglu\/"}]}},"_links":{"self":[{"href":"https:\/\/kilittasi.com\/en\/wp-json\/wp\/v2\/posts\/18171","targetHints":{"allow":["GET"]}}],"collection":[{"href":"https:\/\/kilittasi.com\/en\/wp-json\/wp\/v2\/posts"}],"about":[{"href":"https:\/\/kilittasi.com\/en\/wp-json\/wp\/v2\/types\/post"}],"author":[{"embeddable":true,"href":"https:\/\/kilittasi.com\/en\/wp-json\/wp\/v2\/users\/2"}],"replies":[{"embeddable":true,"href":"https:\/\/kilittasi.com\/en\/wp-json\/wp\/v2\/comments?post=18171"}],"version-history":[{"count":2,"href":"https:\/\/kilittasi.com\/en\/wp-json\/wp\/v2\/posts\/18171\/revisions"}],"predecessor-version":[{"id":18173,"href":"https:\/\/kilittasi.com\/en\/wp-json\/wp\/v2\/posts\/18171\/revisions\/18173"}],"wp:featuredmedia":[{"embeddable":true,"href":"https:\/\/kilittasi.com\/en\/wp-json\/wp\/v2\/media\/18166"}],"wp:attachment":[{"href":"https:\/\/kilittasi.com\/en\/wp-json\/wp\/v2\/media?parent=18171"}],"wp:term":[{"taxonomy":"category","embeddable":true,"href":"https:\/\/kilittasi.com\/en\/wp-json\/wp\/v2\/categories?post=18171"},{"taxonomy":"post_tag","embeddable":true,"href":"https:\/\/kilittasi.com\/en\/wp-json\/wp\/v2\/tags?post=18171"}],"curies":[{"name":"wp","href":"https:\/\/api.w.org\/{rel}","templated":true}]}}